{"id":4690,"date":"2024-01-09T12:02:28","date_gmt":"2024-01-09T11:02:28","guid":{"rendered":"https:\/\/servicios.unileon.es\/oficina-de-practicas-y-empleabilidad\/?p=4690"},"modified":"2024-01-09T12:02:28","modified_gmt":"2024-01-09T11:02:28","slug":"fundacion-sepi-centro-para-el-desarrollo-tecnologico-industrial-e-p-e-cdti-4o-proceso","status":"publish","type":"post","link":"https:\/\/servicios.unileon.es\/oficina-de-practicas-y-empleabilidad\/2024\/01\/09\/fundacion-sepi-centro-para-el-desarrollo-tecnologico-industrial-e-p-e-cdti-4o-proceso\/","title":{"rendered":"FUNDACI\u00d3N SEPI &#8211;  CENTRO PARA EL DESARROLLO TECNOL\u00d3GICO INDUSTRIAL, E.P.E. (CDTI) &#8211; 4\u00ba Proceso"},"content":{"rendered":"<p style=\"text-align: justify;\">La Fundaci\u00f3n SEPI F.S.P., a trav\u00e9s del\u00a0 CENTRO PARA EL DESARROLLO TECNOL\u00d3GICO Y LA INNOVACI\u00d3N, E.P.E., convoca <b>1 beca<\/b> en el cuarto proceso de esta edici\u00f3n del Programa, cuyas caracter\u00edsticas se exponen en las bases de la convocatoria:<\/p>\r\n<a href=\"https:\/\/www.fundacionsepi.es\/becas\/cdti-fsepi.asp\">https:\/\/www.fundacionsepi.es\/becas\/cdti-fsepi.asp<\/a>","protected":false},"excerpt":{"rendered":"<p>La Fundaci\u00f3n SEPI F.S.P., a trav\u00e9s del\u00a0 CENTRO PARA EL DESARROLLO TECNOL\u00d3GICO Y LA INNOVACI\u00d3N, E.P.E., convoca 1 beca en el cuarto proceso de esta edici\u00f3n del Programa, cuyas caracter\u00edsticas se exponen en las bases de la convocatoria: https:\/\/www.fundacionsepi.es\/becas\/cdti-fsepi.asp<\/p>\n","protected":false},"author":672,"featured_media":0,"comment_status":"closed","ping_status":"closed","sticky":false,"template":"","format":"standard","meta":{"footnotes":""},"categories":[20],"tags":[],"class_list":["post-4690","post","type-post","status-publish","format-standard","hentry","category-carrousel"],"_links":{"self":[{"href":"https:\/\/servicios.unileon.es\/oficina-de-practicas-y-empleabilidad\/wp-json\/wp\/v2\/posts\/4690","targetHints":{"allow":["GET"]}}],"collection":[{"href":"https:\/\/servicios.unileon.es\/oficina-de-practicas-y-empleabilidad\/wp-json\/wp\/v2\/posts"}],"about":[{"href":"https:\/\/servicios.unileon.es\/oficina-de-practicas-y-empleabilidad\/wp-json\/wp\/v2\/types\/post"}],"author":[{"embeddable":true,"href":"https:\/\/servicios.unileon.es\/oficina-de-practicas-y-empleabilidad\/wp-json\/wp\/v2\/users\/672"}],"replies":[{"embeddable":true,"href":"https:\/\/servicios.unileon.es\/oficina-de-practicas-y-empleabilidad\/wp-json\/wp\/v2\/comments?post=4690"}],"version-history":[{"count":1,"href":"https:\/\/servicios.unileon.es\/oficina-de-practicas-y-empleabilidad\/wp-json\/wp\/v2\/posts\/4690\/revisions"}],"predecessor-version":[{"id":4691,"href":"https:\/\/servicios.unileon.es\/oficina-de-practicas-y-empleabilidad\/wp-json\/wp\/v2\/posts\/4690\/revisions\/4691"}],"wp:attachment":[{"href":"https:\/\/servicios.unileon.es\/oficina-de-practicas-y-empleabilidad\/wp-json\/wp\/v2\/media?parent=4690"}],"wp:term":[{"taxonomy":"category","embeddable":true,"href":"https:\/\/servicios.unileon.es\/oficina-de-practicas-y-empleabilidad\/wp-json\/wp\/v2\/categories?post=4690"},{"taxonomy":"post_tag","embeddable":true,"href":"https:\/\/servicios.unileon.es\/oficina-de-practicas-y-empleabilidad\/wp-json\/wp\/v2\/tags?post=4690"}],"curies":[{"name":"wp","href":"https:\/\/api.w.org\/{rel}","templated":true}]}}