{"id":4583,"date":"2023-10-17T07:36:37","date_gmt":"2023-10-17T06:36:37","guid":{"rendered":"https:\/\/servicios.unileon.es\/oficina-de-practicas-y-empleabilidad\/?p=4583"},"modified":"2023-10-17T07:36:37","modified_gmt":"2023-10-17T06:36:37","slug":"fundacion-sepi-instituto-de-credito-oficial-2020-23-5o-proceso","status":"publish","type":"post","link":"https:\/\/servicios.unileon.es\/oficina-de-practicas-y-empleabilidad\/2023\/10\/17\/fundacion-sepi-instituto-de-credito-oficial-2020-23-5o-proceso\/","title":{"rendered":"FUNDACI\u00d3N SEPI &#8211; INSTITUTO DE CR\u00c9DITO OFICIAL 2020\/23-5\u00ba. proceso"},"content":{"rendered":"<i>La Fundaci\u00f3n SEPI convoca las becas correspondientes al Programa FUNDACI\u00d3N SEPI &#8211; INSTITUTO DE CR\u00c9DITO OFICIAL 2020\/2023- 5\u00ba. PROCESO, cuyas caracter\u00edsticas generales se exponen en las Bases de la Convocatoria, que se encuentran en la direcci\u00f3n:<\/i>\r\n\r\n<a href=\"http:\/\/www.fundacionsepi.es\/becas\/ico-fsepi.asp\">http:\/\/www.fundacionsepi.es\/becas\/ico-fsepi.asp<\/a>","protected":false},"excerpt":{"rendered":"<p>La Fundaci\u00f3n SEPI convoca las becas correspondientes al Programa FUNDACI\u00d3N SEPI &#8211; INSTITUTO DE CR\u00c9DITO OFICIAL 2020\/2023- 5\u00ba. PROCESO, cuyas caracter\u00edsticas generales se exponen en las Bases de la Convocatoria, que se encuentran en la direcci\u00f3n: http:\/\/www.fundacionsepi.es\/becas\/ico-fsepi.asp<\/p>\n","protected":false},"author":672,"featured_media":0,"comment_status":"closed","ping_status":"closed","sticky":false,"template":"","format":"standard","meta":{"footnotes":""},"categories":[20],"tags":[],"class_list":["post-4583","post","type-post","status-publish","format-standard","hentry","category-carrousel"],"_links":{"self":[{"href":"https:\/\/servicios.unileon.es\/oficina-de-practicas-y-empleabilidad\/wp-json\/wp\/v2\/posts\/4583","targetHints":{"allow":["GET"]}}],"collection":[{"href":"https:\/\/servicios.unileon.es\/oficina-de-practicas-y-empleabilidad\/wp-json\/wp\/v2\/posts"}],"about":[{"href":"https:\/\/servicios.unileon.es\/oficina-de-practicas-y-empleabilidad\/wp-json\/wp\/v2\/types\/post"}],"author":[{"embeddable":true,"href":"https:\/\/servicios.unileon.es\/oficina-de-practicas-y-empleabilidad\/wp-json\/wp\/v2\/users\/672"}],"replies":[{"embeddable":true,"href":"https:\/\/servicios.unileon.es\/oficina-de-practicas-y-empleabilidad\/wp-json\/wp\/v2\/comments?post=4583"}],"version-history":[{"count":1,"href":"https:\/\/servicios.unileon.es\/oficina-de-practicas-y-empleabilidad\/wp-json\/wp\/v2\/posts\/4583\/revisions"}],"predecessor-version":[{"id":4584,"href":"https:\/\/servicios.unileon.es\/oficina-de-practicas-y-empleabilidad\/wp-json\/wp\/v2\/posts\/4583\/revisions\/4584"}],"wp:attachment":[{"href":"https:\/\/servicios.unileon.es\/oficina-de-practicas-y-empleabilidad\/wp-json\/wp\/v2\/media?parent=4583"}],"wp:term":[{"taxonomy":"category","embeddable":true,"href":"https:\/\/servicios.unileon.es\/oficina-de-practicas-y-empleabilidad\/wp-json\/wp\/v2\/categories?post=4583"},{"taxonomy":"post_tag","embeddable":true,"href":"https:\/\/servicios.unileon.es\/oficina-de-practicas-y-empleabilidad\/wp-json\/wp\/v2\/tags?post=4583"}],"curies":[{"name":"wp","href":"https:\/\/api.w.org\/{rel}","templated":true}]}}