{"id":4581,"date":"2023-10-16T10:58:32","date_gmt":"2023-10-16T09:58:32","guid":{"rendered":"https:\/\/servicios.unileon.es\/oficina-de-practicas-y-empleabilidad\/?p=4581"},"modified":"2023-10-16T10:58:32","modified_gmt":"2023-10-16T09:58:32","slug":"fundacion-sepi-centro-para-el-desarrollo-tecnologico-industrial-e-p-e-cdti-3er-proceso","status":"publish","type":"post","link":"https:\/\/servicios.unileon.es\/oficina-de-practicas-y-empleabilidad\/2023\/10\/16\/fundacion-sepi-centro-para-el-desarrollo-tecnologico-industrial-e-p-e-cdti-3er-proceso\/","title":{"rendered":"FUNDACI\u00d3N SEPI &#8211;  CENTRO PARA EL DESARROLLO TECNOL\u00d3GICO INDUSTRIAL, E.P.E. (CDTI),- 3er. proceso"},"content":{"rendered":"La Fundaci\u00f3n SEPI F.S.P., de conformidad con los t\u00e9rminos del convenio de fecha 28 de mayo de 2021, suscrito con el CENTRO PARA EL DESARROLLO TECNOL\u00d3GICO INDUSTRIAL, E.P.E., convoca <b>1 beca<\/b> en el tercer proceso de esta edici\u00f3n del Programa. Toda la informaci\u00f3n referente a las caracter\u00edsticas de la beca se exponen en las bases de la convocatoria cuyo enlace es:\u00a0<a href=\"https:\/\/fundacionsepi.es\/becas\/cdti-fsepi.asp\">https:\/\/fundacionsepi.es\/becas\/cdti-fsepi.asp<\/a>","protected":false},"excerpt":{"rendered":"<p>La Fundaci\u00f3n SEPI F.S.P., de conformidad con los t\u00e9rminos del convenio de fecha 28 de mayo de 2021, suscrito con el CENTRO PARA EL DESARROLLO TECNOL\u00d3GICO INDUSTRIAL, E.P.E., convoca 1 beca en el tercer proceso de esta edici\u00f3n del Programa. Toda la informaci\u00f3n referente a las caracter\u00edsticas de la beca se exponen en las bases [&hellip;]<\/p>\n","protected":false},"author":672,"featured_media":0,"comment_status":"closed","ping_status":"closed","sticky":false,"template":"","format":"standard","meta":{"footnotes":""},"categories":[20],"tags":[],"class_list":["post-4581","post","type-post","status-publish","format-standard","hentry","category-carrousel"],"_links":{"self":[{"href":"https:\/\/servicios.unileon.es\/oficina-de-practicas-y-empleabilidad\/wp-json\/wp\/v2\/posts\/4581","targetHints":{"allow":["GET"]}}],"collection":[{"href":"https:\/\/servicios.unileon.es\/oficina-de-practicas-y-empleabilidad\/wp-json\/wp\/v2\/posts"}],"about":[{"href":"https:\/\/servicios.unileon.es\/oficina-de-practicas-y-empleabilidad\/wp-json\/wp\/v2\/types\/post"}],"author":[{"embeddable":true,"href":"https:\/\/servicios.unileon.es\/oficina-de-practicas-y-empleabilidad\/wp-json\/wp\/v2\/users\/672"}],"replies":[{"embeddable":true,"href":"https:\/\/servicios.unileon.es\/oficina-de-practicas-y-empleabilidad\/wp-json\/wp\/v2\/comments?post=4581"}],"version-history":[{"count":1,"href":"https:\/\/servicios.unileon.es\/oficina-de-practicas-y-empleabilidad\/wp-json\/wp\/v2\/posts\/4581\/revisions"}],"predecessor-version":[{"id":4582,"href":"https:\/\/servicios.unileon.es\/oficina-de-practicas-y-empleabilidad\/wp-json\/wp\/v2\/posts\/4581\/revisions\/4582"}],"wp:attachment":[{"href":"https:\/\/servicios.unileon.es\/oficina-de-practicas-y-empleabilidad\/wp-json\/wp\/v2\/media?parent=4581"}],"wp:term":[{"taxonomy":"category","embeddable":true,"href":"https:\/\/servicios.unileon.es\/oficina-de-practicas-y-empleabilidad\/wp-json\/wp\/v2\/categories?post=4581"},{"taxonomy":"post_tag","embeddable":true,"href":"https:\/\/servicios.unileon.es\/oficina-de-practicas-y-empleabilidad\/wp-json\/wp\/v2\/tags?post=4581"}],"curies":[{"name":"wp","href":"https:\/\/api.w.org\/{rel}","templated":true}]}}